{"id":6138,"date":"2023-06-19T18:55:14","date_gmt":"2023-06-19T21:55:14","guid":{"rendered":"https:\/\/www.aroeirasalles.com.br\/?p=6138"},"modified":"2023-06-19T18:55:14","modified_gmt":"2023-06-19T21:55:14","slug":"we-are-delighted-to-announce-that-vera-innes-has-joined-the-firm-as-of-counsel-as-of-june-2023","status":"publish","type":"post","link":"https:\/\/www.aroeirasalles.com.br\/en\/blog\/we-are-delighted-to-announce-that-vera-innes-has-joined-the-firm-as-of-counsel-as-of-june-2023\/","title":{"rendered":"We are delighted to announce that Vera Innes has joined the firm as Of Counsel as of June 2023."},"content":{"rendered":"<p><span style=\"font-weight: 400;\">Vera&#8217;s addition to the firm will strengthen our position in the international market and provide invaluable assistance to our clients in gaining a better understanding of the Brazilian context. Her extensive experience and expertise in Brazilian corporate and business law, will enable us to support clients in navigating the complexities of conducting business in Brazil and provide tailored guidance to address their specific needs.<\/span><\/p>\n<p><span style=\"font-weight: 400;\">Vera obtained her law degree with a specialisation in Corporate law from the University of S\u00e3o Paulo. She is a qualified lawyer in England and Wales, Portugal, and Brazil.\u00a0<\/span><\/p>\n<p><span style=\"font-weight: 400;\">She has been living in London since 1993 and has worked as a partner for a major Brazilian international law firm with offices in the British capital. From there, she has advised clients in transactions taking place in Brazil, ranging from the purchase of stakes in Brazilian companies to energy related projects. Her experience of the Brazilian legal scene and sound advice on Brazilian matters has been instrumental to many companies\u2019 structuring of their legal presence and continued businesses in Brazil.\u00a0<\/span><\/p>\n<p><span style=\"font-weight: 400;\">Vera has throughout the years spoken extensively about Brazilian corporate and energy law as well as acted as an expert witness on matters involving Brazilian law in the London courts.\u00a0<\/span><\/p>\n<p><span style=\"font-weight: 400;\">She is a respected figure in the London based Brazilian business community, where she heads the Brazilian Chamber of Commerce in Great Britain, an entity dedicated to fostering the trade and investment relations between Britain and Brazil. Through her role, Vera promotes various areas of interest in Brazil and the UK, from energy to agribusiness and Fintech.<\/span><\/p>\n<p><span style=\"font-weight: 400;\">She speaks and works in English, French and her native Portuguese. She has conversational knowledge of Spanish, German and Italian.<\/span><\/p>\n<p>Welcome, Vera.<\/p>\n","protected":false},"excerpt":{"rendered":"<p>Vera&#8217;s addition to the firm will strengthen our position in the international market and provide invaluable assistance to our clients in gaining a better understanding of the Brazilian context. Her extensive experience and expertise in Brazilian corporate and business law, will enable us to support clients in navigating the complexities of conducting business in Brazil [&hellip;]<\/p>\n","protected":false},"author":10,"featured_media":0,"comment_status":"open","ping_status":"open","sticky":false,"template":"","format":"standard","meta":{"inline_featured_image":false,"footnotes":""},"categories":[120],"tags":[],"acf":[],"yoast_head":"<!-- This site is optimized with the Yoast SEO plugin v21.7 - https:\/\/yoast.com\/wordpress\/plugins\/seo\/ -->\n<title>We are delighted to announce that Vera Innes has joined the firm as Of Counsel as of June 2023. - Aroeira Salles Advogados<\/title>\n<meta name=\"robots\" content=\"index, follow, max-snippet:-1, max-image-preview:large, max-video-preview:-1\" \/>\n<link rel=\"canonical\" href=\"https:\/\/www.aroeirasalles.com.br\/en\/blog\/we-are-delighted-to-announce-that-vera-innes-has-joined-the-firm-as-of-counsel-as-of-june-2023\/\" \/>\n<meta property=\"og:locale\" content=\"en_US\" \/>\n<meta property=\"og:type\" content=\"article\" \/>\n<meta property=\"og:title\" content=\"We are delighted to announce that Vera Innes has joined the firm as Of Counsel as of June 2023. - Aroeira Salles Advogados\" \/>\n<meta property=\"og:description\" content=\"Vera&#8217;s addition to the firm will strengthen our position in the international market and provide invaluable assistance to our clients in gaining a better understanding of the Brazilian context. Her extensive experience and expertise in Brazilian corporate and business law, will enable us to support clients in navigating the complexities of conducting business in Brazil [&hellip;]\" \/>\n<meta property=\"og:url\" content=\"https:\/\/www.aroeirasalles.com.br\/en\/blog\/we-are-delighted-to-announce-that-vera-innes-has-joined-the-firm-as-of-counsel-as-of-june-2023\/\" \/>\n<meta property=\"og:site_name\" content=\"Aroeira Salles Advogados\" \/>\n<meta property=\"article:publisher\" content=\"https:\/\/www.facebook.com\/aroeirasalles\/\" \/>\n<meta property=\"article:published_time\" content=\"2023-06-19T21:55:14+00:00\" \/>\n<meta property=\"og:image\" content=\"https:\/\/www.aroeirasalles.com.br\/site\/wp-content\/uploads\/2018\/11\/Hero_sobre_02.jpg\" \/>\n\t<meta property=\"og:image:width\" content=\"1900\" \/>\n\t<meta property=\"og:image:height\" content=\"1306\" \/>\n\t<meta property=\"og:image:type\" content=\"image\/jpeg\" \/>\n<meta name=\"author\" content=\"Driely Manzoli\" \/>\n<meta name=\"twitter:card\" content=\"summary_large_image\" \/>\n<meta name=\"twitter:label1\" content=\"Written by\" \/>\n\t<meta name=\"twitter:data1\" content=\"Driely Manzoli\" \/>\n\t<meta name=\"twitter:label2\" content=\"Est. reading time\" \/>\n\t<meta name=\"twitter:data2\" content=\"2 minutes\" \/>\n<script type=\"application\/ld+json\" class=\"yoast-schema-graph\">{\"@context\":\"https:\/\/schema.org\",\"@graph\":[{\"@type\":\"Article\",\"@id\":\"https:\/\/www.aroeirasalles.com.br\/en\/blog\/we-are-delighted-to-announce-that-vera-innes-has-joined-the-firm-as-of-counsel-as-of-june-2023\/#article\",\"isPartOf\":{\"@id\":\"https:\/\/www.aroeirasalles.com.br\/en\/blog\/we-are-delighted-to-announce-that-vera-innes-has-joined-the-firm-as-of-counsel-as-of-june-2023\/\"},\"author\":{\"name\":\"Driely Manzoli\",\"@id\":\"https:\/\/www.aroeirasalles.com.br\/#\/schema\/person\/a36cc86b28536a74924f22d6d32e6640\"},\"headline\":\"We are delighted to announce that Vera Innes has joined the firm as Of Counsel as of June 2023.\",\"datePublished\":\"2023-06-19T21:55:14+00:00\",\"dateModified\":\"2023-06-19T21:55:14+00:00\",\"mainEntityOfPage\":{\"@id\":\"https:\/\/www.aroeirasalles.com.br\/en\/blog\/we-are-delighted-to-announce-that-vera-innes-has-joined-the-firm-as-of-counsel-as-of-june-2023\/\"},\"wordCount\":301,\"commentCount\":0,\"publisher\":{\"@id\":\"https:\/\/www.aroeirasalles.com.br\/#organization\"},\"inLanguage\":\"en-US\",\"potentialAction\":[{\"@type\":\"CommentAction\",\"name\":\"Comment\",\"target\":[\"https:\/\/www.aroeirasalles.com.br\/en\/blog\/we-are-delighted-to-announce-that-vera-innes-has-joined-the-firm-as-of-counsel-as-of-june-2023\/#respond\"]}]},{\"@type\":\"WebPage\",\"@id\":\"https:\/\/www.aroeirasalles.com.br\/en\/blog\/we-are-delighted-to-announce-that-vera-innes-has-joined-the-firm-as-of-counsel-as-of-june-2023\/\",\"url\":\"https:\/\/www.aroeirasalles.com.br\/en\/blog\/we-are-delighted-to-announce-that-vera-innes-has-joined-the-firm-as-of-counsel-as-of-june-2023\/\",\"name\":\"We are delighted to announce that Vera Innes has joined the firm as Of Counsel as of June 2023. - Aroeira Salles Advogados\",\"isPartOf\":{\"@id\":\"https:\/\/www.aroeirasalles.com.br\/#website\"},\"datePublished\":\"2023-06-19T21:55:14+00:00\",\"dateModified\":\"2023-06-19T21:55:14+00:00\",\"breadcrumb\":{\"@id\":\"https:\/\/www.aroeirasalles.com.br\/en\/blog\/we-are-delighted-to-announce-that-vera-innes-has-joined-the-firm-as-of-counsel-as-of-june-2023\/#breadcrumb\"},\"inLanguage\":\"en-US\",\"potentialAction\":[{\"@type\":\"ReadAction\",\"target\":[\"https:\/\/www.aroeirasalles.com.br\/en\/blog\/we-are-delighted-to-announce-that-vera-innes-has-joined-the-firm-as-of-counsel-as-of-june-2023\/\"]}]},{\"@type\":\"BreadcrumbList\",\"@id\":\"https:\/\/www.aroeirasalles.com.br\/en\/blog\/we-are-delighted-to-announce-that-vera-innes-has-joined-the-firm-as-of-counsel-as-of-june-2023\/#breadcrumb\",\"itemListElement\":[{\"@type\":\"ListItem\",\"position\":1,\"name\":\"In\u00edcio\",\"item\":\"https:\/\/www.aroeirasalles.com.br\/en\/\"},{\"@type\":\"ListItem\",\"position\":2,\"name\":\"We are delighted to announce that Vera Innes has joined the firm as Of Counsel as of June 2023.\"}]},{\"@type\":\"WebSite\",\"@id\":\"https:\/\/www.aroeirasalles.com.br\/#website\",\"url\":\"https:\/\/www.aroeirasalles.com.br\/\",\"name\":\"Aroeira Salles Advogados\",\"description\":\"Prestamos assessoria a empresas nacionais e internacionais de v\u00e1rios setores da economia, garantindo sua seguran\u00e7a jur\u00eddica nas diferentes fases de um projeto.\",\"publisher\":{\"@id\":\"https:\/\/www.aroeirasalles.com.br\/#organization\"},\"potentialAction\":[{\"@type\":\"SearchAction\",\"target\":{\"@type\":\"EntryPoint\",\"urlTemplate\":\"https:\/\/www.aroeirasalles.com.br\/?s={search_term_string}\"},\"query-input\":\"required name=search_term_string\"}],\"inLanguage\":\"en-US\"},{\"@type\":\"Organization\",\"@id\":\"https:\/\/www.aroeirasalles.com.br\/#organization\",\"name\":\"Aroeira Salles Advogados\",\"url\":\"https:\/\/www.aroeirasalles.com.br\/\",\"logo\":{\"@type\":\"ImageObject\",\"inLanguage\":\"en-US\",\"@id\":\"https:\/\/www.aroeirasalles.com.br\/#\/schema\/logo\/image\/\",\"url\":\"https:\/\/www.aroeirasalles.com.br\/site\/wp-content\/uploads\/2018\/12\/2018_09_04_ASA_logo_300dpi-01.png\",\"contentUrl\":\"https:\/\/www.aroeirasalles.com.br\/site\/wp-content\/uploads\/2018\/12\/2018_09_04_ASA_logo_300dpi-01.png\",\"width\":1182,\"height\":626,\"caption\":\"Aroeira Salles Advogados\"},\"image\":{\"@id\":\"https:\/\/www.aroeirasalles.com.br\/#\/schema\/logo\/image\/\"},\"sameAs\":[\"https:\/\/www.facebook.com\/aroeirasalles\/\",\"https:\/\/www.linkedin.com\/company\/aroeira-salles-advogados\/\"]},{\"@type\":\"Person\",\"@id\":\"https:\/\/www.aroeirasalles.com.br\/#\/schema\/person\/a36cc86b28536a74924f22d6d32e6640\",\"name\":\"Driely Manzoli\",\"image\":{\"@type\":\"ImageObject\",\"inLanguage\":\"en-US\",\"@id\":\"https:\/\/www.aroeirasalles.com.br\/#\/schema\/person\/image\/\",\"url\":\"https:\/\/secure.gravatar.com\/avatar\/c1cc7db60f3be12f36de11cfafd826f5?s=96&d=mm&r=g\",\"contentUrl\":\"https:\/\/secure.gravatar.com\/avatar\/c1cc7db60f3be12f36de11cfafd826f5?s=96&d=mm&r=g\",\"caption\":\"Driely Manzoli\"},\"url\":\"https:\/\/www.aroeirasalles.com.br\/en\/blog\/author\/driely-manzoli\/\"}]}<\/script>\n<!-- \/ Yoast SEO plugin. -->","yoast_head_json":{"title":"We are delighted to announce that Vera Innes has joined the firm as Of Counsel as of June 2023. - Aroeira Salles Advogados","robots":{"index":"index","follow":"follow","max-snippet":"max-snippet:-1","max-image-preview":"max-image-preview:large","max-video-preview":"max-video-preview:-1"},"canonical":"https:\/\/www.aroeirasalles.com.br\/en\/blog\/we-are-delighted-to-announce-that-vera-innes-has-joined-the-firm-as-of-counsel-as-of-june-2023\/","og_locale":"en_US","og_type":"article","og_title":"We are delighted to announce that Vera Innes has joined the firm as Of Counsel as of June 2023. - Aroeira Salles Advogados","og_description":"Vera&#8217;s addition to the firm will strengthen our position in the international market and provide invaluable assistance to our clients in gaining a better understanding of the Brazilian context. Her extensive experience and expertise in Brazilian corporate and business law, will enable us to support clients in navigating the complexities of conducting business in Brazil [&hellip;]","og_url":"https:\/\/www.aroeirasalles.com.br\/en\/blog\/we-are-delighted-to-announce-that-vera-innes-has-joined-the-firm-as-of-counsel-as-of-june-2023\/","og_site_name":"Aroeira Salles Advogados","article_publisher":"https:\/\/www.facebook.com\/aroeirasalles\/","article_published_time":"2023-06-19T21:55:14+00:00","og_image":[{"width":1900,"height":1306,"url":"https:\/\/www.aroeirasalles.com.br\/site\/wp-content\/uploads\/2018\/11\/Hero_sobre_02.jpg","type":"image\/jpeg"}],"author":"Driely Manzoli","twitter_card":"summary_large_image","twitter_misc":{"Written by":"Driely Manzoli","Est. reading time":"2 minutes"},"schema":{"@context":"https:\/\/schema.org","@graph":[{"@type":"Article","@id":"https:\/\/www.aroeirasalles.com.br\/en\/blog\/we-are-delighted-to-announce-that-vera-innes-has-joined-the-firm-as-of-counsel-as-of-june-2023\/#article","isPartOf":{"@id":"https:\/\/www.aroeirasalles.com.br\/en\/blog\/we-are-delighted-to-announce-that-vera-innes-has-joined-the-firm-as-of-counsel-as-of-june-2023\/"},"author":{"name":"Driely Manzoli","@id":"https:\/\/www.aroeirasalles.com.br\/#\/schema\/person\/a36cc86b28536a74924f22d6d32e6640"},"headline":"We are delighted to announce that Vera Innes has joined the firm as Of Counsel as of June 2023.","datePublished":"2023-06-19T21:55:14+00:00","dateModified":"2023-06-19T21:55:14+00:00","mainEntityOfPage":{"@id":"https:\/\/www.aroeirasalles.com.br\/en\/blog\/we-are-delighted-to-announce-that-vera-innes-has-joined-the-firm-as-of-counsel-as-of-june-2023\/"},"wordCount":301,"commentCount":0,"publisher":{"@id":"https:\/\/www.aroeirasalles.com.br\/#organization"},"inLanguage":"en-US","potentialAction":[{"@type":"CommentAction","name":"Comment","target":["https:\/\/www.aroeirasalles.com.br\/en\/blog\/we-are-delighted-to-announce-that-vera-innes-has-joined-the-firm-as-of-counsel-as-of-june-2023\/#respond"]}]},{"@type":"WebPage","@id":"https:\/\/www.aroeirasalles.com.br\/en\/blog\/we-are-delighted-to-announce-that-vera-innes-has-joined-the-firm-as-of-counsel-as-of-june-2023\/","url":"https:\/\/www.aroeirasalles.com.br\/en\/blog\/we-are-delighted-to-announce-that-vera-innes-has-joined-the-firm-as-of-counsel-as-of-june-2023\/","name":"We are delighted to announce that Vera Innes has joined the firm as Of Counsel as of June 2023. - Aroeira Salles Advogados","isPartOf":{"@id":"https:\/\/www.aroeirasalles.com.br\/#website"},"datePublished":"2023-06-19T21:55:14+00:00","dateModified":"2023-06-19T21:55:14+00:00","breadcrumb":{"@id":"https:\/\/www.aroeirasalles.com.br\/en\/blog\/we-are-delighted-to-announce-that-vera-innes-has-joined-the-firm-as-of-counsel-as-of-june-2023\/#breadcrumb"},"inLanguage":"en-US","potentialAction":[{"@type":"ReadAction","target":["https:\/\/www.aroeirasalles.com.br\/en\/blog\/we-are-delighted-to-announce-that-vera-innes-has-joined-the-firm-as-of-counsel-as-of-june-2023\/"]}]},{"@type":"BreadcrumbList","@id":"https:\/\/www.aroeirasalles.com.br\/en\/blog\/we-are-delighted-to-announce-that-vera-innes-has-joined-the-firm-as-of-counsel-as-of-june-2023\/#breadcrumb","itemListElement":[{"@type":"ListItem","position":1,"name":"In\u00edcio","item":"https:\/\/www.aroeirasalles.com.br\/en\/"},{"@type":"ListItem","position":2,"name":"We are delighted to announce that Vera Innes has joined the firm as Of Counsel as of June 2023."}]},{"@type":"WebSite","@id":"https:\/\/www.aroeirasalles.com.br\/#website","url":"https:\/\/www.aroeirasalles.com.br\/","name":"Aroeira Salles Advogados","description":"Prestamos assessoria a empresas nacionais e internacionais de v\u00e1rios setores da economia, garantindo sua seguran\u00e7a jur\u00eddica nas diferentes fases de um projeto.","publisher":{"@id":"https:\/\/www.aroeirasalles.com.br\/#organization"},"potentialAction":[{"@type":"SearchAction","target":{"@type":"EntryPoint","urlTemplate":"https:\/\/www.aroeirasalles.com.br\/?s={search_term_string}"},"query-input":"required name=search_term_string"}],"inLanguage":"en-US"},{"@type":"Organization","@id":"https:\/\/www.aroeirasalles.com.br\/#organization","name":"Aroeira Salles Advogados","url":"https:\/\/www.aroeirasalles.com.br\/","logo":{"@type":"ImageObject","inLanguage":"en-US","@id":"https:\/\/www.aroeirasalles.com.br\/#\/schema\/logo\/image\/","url":"https:\/\/www.aroeirasalles.com.br\/site\/wp-content\/uploads\/2018\/12\/2018_09_04_ASA_logo_300dpi-01.png","contentUrl":"https:\/\/www.aroeirasalles.com.br\/site\/wp-content\/uploads\/2018\/12\/2018_09_04_ASA_logo_300dpi-01.png","width":1182,"height":626,"caption":"Aroeira Salles Advogados"},"image":{"@id":"https:\/\/www.aroeirasalles.com.br\/#\/schema\/logo\/image\/"},"sameAs":["https:\/\/www.facebook.com\/aroeirasalles\/","https:\/\/www.linkedin.com\/company\/aroeira-salles-advogados\/"]},{"@type":"Person","@id":"https:\/\/www.aroeirasalles.com.br\/#\/schema\/person\/a36cc86b28536a74924f22d6d32e6640","name":"Driely Manzoli","image":{"@type":"ImageObject","inLanguage":"en-US","@id":"https:\/\/www.aroeirasalles.com.br\/#\/schema\/person\/image\/","url":"https:\/\/secure.gravatar.com\/avatar\/c1cc7db60f3be12f36de11cfafd826f5?s=96&d=mm&r=g","contentUrl":"https:\/\/secure.gravatar.com\/avatar\/c1cc7db60f3be12f36de11cfafd826f5?s=96&d=mm&r=g","caption":"Driely Manzoli"},"url":"https:\/\/www.aroeirasalles.com.br\/en\/blog\/author\/driely-manzoli\/"}]}},"_links":{"self":[{"href":"https:\/\/www.aroeirasalles.com.br\/en\/wp-json\/wp\/v2\/posts\/6138"}],"collection":[{"href":"https:\/\/www.aroeirasalles.com.br\/en\/wp-json\/wp\/v2\/posts"}],"about":[{"href":"https:\/\/www.aroeirasalles.com.br\/en\/wp-json\/wp\/v2\/types\/post"}],"author":[{"embeddable":true,"href":"https:\/\/www.aroeirasalles.com.br\/en\/wp-json\/wp\/v2\/users\/10"}],"replies":[{"embeddable":true,"href":"https:\/\/www.aroeirasalles.com.br\/en\/wp-json\/wp\/v2\/comments?post=6138"}],"version-history":[{"count":1,"href":"https:\/\/www.aroeirasalles.com.br\/en\/wp-json\/wp\/v2\/posts\/6138\/revisions"}],"predecessor-version":[{"id":6139,"href":"https:\/\/www.aroeirasalles.com.br\/en\/wp-json\/wp\/v2\/posts\/6138\/revisions\/6139"}],"wp:attachment":[{"href":"https:\/\/www.aroeirasalles.com.br\/en\/wp-json\/wp\/v2\/media?parent=6138"}],"wp:term":[{"taxonomy":"category","embeddable":true,"href":"https:\/\/www.aroeirasalles.com.br\/en\/wp-json\/wp\/v2\/categories?post=6138"},{"taxonomy":"post_tag","embeddable":true,"href":"https:\/\/www.aroeirasalles.com.br\/en\/wp-json\/wp\/v2\/tags?post=6138"}],"curies":[{"name":"wp","href":"https:\/\/api.w.org\/{rel}","templated":true}]}}